{"id":3484,"date":"2024-09-07T14:29:00","date_gmt":"2024-09-07T12:29:00","guid":{"rendered":"http:\/\/aaccea-photo.org\/WP3\/?p=3484"},"modified":"2024-10-12T12:18:45","modified_gmt":"2024-10-12T10:18:45","slug":"reportage100ans-linas-montlhery","status":"publish","type":"post","link":"https:\/\/aaccea-photo.org\/WP3\/reportage100ans-linas-montlhery\/","title":{"rendered":"[Sortie]100ans Linas-Montlh\u00e9ry"},"content":{"rendered":"\n\n\n<h2 style=\"text-align: center;\"><strong>Festival du centenaire le samedi 12 Octobre <br \/>\u00e0 l&rsquo;autodrome de Linas-Montlh\u00e9ry.<a href=\"http:\/\/aaccea-photo.org\/WP3\/wp-content\/uploads\/2024\/04\/linas-montlhery.jpg\"><img loading=\"lazy\" decoding=\"async\" class=\"alignright size-thumbnail wp-image-3409\" src=\"http:\/\/aaccea-photo.org\/WP3\/wp-content\/uploads\/2024\/04\/linas-montlhery-150x150.jpg\" alt=\"\" width=\"150\" height=\"150\" srcset=\"https:\/\/aaccea-photo.org\/WP3\/wp-content\/uploads\/2024\/04\/linas-montlhery-150x150.jpg 150w, https:\/\/aaccea-photo.org\/WP3\/wp-content\/uploads\/2024\/04\/linas-montlhery.jpg 225w\" sizes=\"(max-width: 150px) 100vw, 150px\" \/><\/a><\/strong><\/h2>\n<p style=\"text-align: center;\">A l&rsquo;occasion des 100ans de l&rsquo;autodrome de Linas-Montlh\u00e9ry l&rsquo;association UTAC organise une manifestation le week-end du 12-13 Octobre.<\/p>\n<p style=\"text-align: center;\"><strong><br \/><span style=\"color: #ff0000;\">&#8211; SORTIE ANNULEE FAUTE DE PARTICIPANTS &#8211;<\/span><\/strong><\/p>\n<p style=\"text-align: center;\"><br \/><a href=\"http:\/\/aaccea-photo.org\/WP3\/wp-content\/uploads\/2024\/09\/100ans-Linas-scaled.jpg\"><img loading=\"lazy\" decoding=\"async\" class=\"alignleft size-medium wp-image-3485\" src=\"http:\/\/aaccea-photo.org\/WP3\/wp-content\/uploads\/2024\/09\/100ans-Linas-212x300.jpg\" alt=\"\" width=\"212\" height=\"300\" srcset=\"https:\/\/aaccea-photo.org\/WP3\/wp-content\/uploads\/2024\/09\/100ans-Linas-212x300.jpg 212w, https:\/\/aaccea-photo.org\/WP3\/wp-content\/uploads\/2024\/09\/100ans-Linas-724x1024.jpg 724w, https:\/\/aaccea-photo.org\/WP3\/wp-content\/uploads\/2024\/09\/100ans-Linas-768x1086.jpg 768w, https:\/\/aaccea-photo.org\/WP3\/wp-content\/uploads\/2024\/09\/100ans-Linas-1086x1536.jpg 1086w, https:\/\/aaccea-photo.org\/WP3\/wp-content\/uploads\/2024\/09\/100ans-Linas-1448x2048.jpg 1448w, https:\/\/aaccea-photo.org\/WP3\/wp-content\/uploads\/2024\/09\/100ans-Linas-scaled.jpg 1810w\" sizes=\"(max-width: 212px) 100vw, 212px\" \/><\/a><\/p>\n<ul>\n<li><span style=\"text-decoration: underline;\"><em>Plateau avant-guerre :<\/em> <\/span>Autodrome 1924-1939 et Sp\u00e9cial Bugatti<\/li>\n<li><span style=\"text-decoration: underline;\"><em>Plateau Apr\u00e8s Guerre :<\/em><\/span> L\u2019\u00e9volution de l\u2019Autodrome de 1947 \u00e0 1995<\/li>\n<li><span style=\"text-decoration: underline;\"><em>Plateau 50\u2019s :<\/em><\/span> Voitures embl\u00e9matiques des ann\u00e9es 50 europ\u00e9ennes<\/li>\n<li><span style=\"text-decoration: underline;\"><em>Plateau 1000km de Paris :<\/em><\/span> Hommage \u00e0 la derni\u00e8re \u00e9dition<\/li>\n<li><span style=\"text-decoration: underline;\"><em>Plateau Youngtimers :<\/em><\/span> Les ic\u00f4nes modernes<\/li>\n<li><span style=\"text-decoration: underline;\"><em>Plateau Supercars :<\/em><\/span> L\u2019apog\u00e9e de la performance automobile<\/li>\n<\/ul>\n<p>\u00a0<\/p>\n<p>Pour plus d&rsquo;information : <a href=\"https:\/\/festival-centenaire-autodrome-linas-montlhery.eventmaker.io\/fr\/\" target=\"_blank\" rel=\"noopener\">Lien vers le site des 100 ans<\/a><\/p>\n<p>La section photo vous propose une sortie sur la journ\u00e9e le samedi 12 octobre. Les billets sont au prix de 30\u20ac pour la journ\u00e9e, et il est possible de se restaurer sur place.<\/p>\n<p>Pour vous inscrire envoyez un mail \u00e0 permanents@aaccea-photo.org<\/p>\n<p><em><strong>Photographes inscrits :<\/strong><\/em><br \/>&#8211; Marie<br \/>&#8211; R\u00e9gis<br \/>&#8211; S\u00e9bastien<\/p>\n<p>\u00a0<\/p>\n","protected":false},"excerpt":{"rendered":"<p>Festival du centenaire le samedi 12 Octobre \u00e0 l&rsquo;autodrome de Linas-Montlh\u00e9ry. A l&rsquo;occasion des 100ans de l&rsquo;autodrome de Linas-Montlh\u00e9ry l&rsquo;association UTAC organise une manifestation le week-end du 12-13 Octobre. &#8211; SORTIE ANNULEE FAUTE DE PARTICIPANTS &#8211; Plateau avant-guerre : Autodrome 1924-1939 et Sp\u00e9cial Bugatti Plateau Apr\u00e8s Guerre : L\u2019\u00e9volution de l\u2019Autodrome de 1947 \u00e0 1995&hellip;<\/p>\n","protected":false},"author":6,"featured_media":0,"comment_status":"open","ping_status":"open","sticky":false,"template":"","format":"standard","meta":{"footnotes":""},"categories":[11],"tags":[],"_links":{"self":[{"href":"https:\/\/aaccea-photo.org\/WP3\/wp-json\/wp\/v2\/posts\/3484"}],"collection":[{"href":"https:\/\/aaccea-photo.org\/WP3\/wp-json\/wp\/v2\/posts"}],"about":[{"href":"https:\/\/aaccea-photo.org\/WP3\/wp-json\/wp\/v2\/types\/post"}],"author":[{"embeddable":true,"href":"https:\/\/aaccea-photo.org\/WP3\/wp-json\/wp\/v2\/users\/6"}],"replies":[{"embeddable":true,"href":"https:\/\/aaccea-photo.org\/WP3\/wp-json\/wp\/v2\/comments?post=3484"}],"version-history":[{"count":6,"href":"https:\/\/aaccea-photo.org\/WP3\/wp-json\/wp\/v2\/posts\/3484\/revisions"}],"predecessor-version":[{"id":3538,"href":"https:\/\/aaccea-photo.org\/WP3\/wp-json\/wp\/v2\/posts\/3484\/revisions\/3538"}],"wp:attachment":[{"href":"https:\/\/aaccea-photo.org\/WP3\/wp-json\/wp\/v2\/media?parent=3484"}],"wp:term":[{"taxonomy":"category","embeddable":true,"href":"https:\/\/aaccea-photo.org\/WP3\/wp-json\/wp\/v2\/categories?post=3484"},{"taxonomy":"post_tag","embeddable":true,"href":"https:\/\/aaccea-photo.org\/WP3\/wp-json\/wp\/v2\/tags?post=3484"}],"curies":[{"name":"wp","href":"https:\/\/api.w.org\/{rel}","templated":true}]}}