{"id":3551,"date":"2024-09-01T08:30:49","date_gmt":"2024-09-01T06:30:49","guid":{"rendered":"http:\/\/aaccea-photo.org\/WP3\/?p=3551"},"modified":"2024-10-29T08:32:55","modified_gmt":"2024-10-29T07:32:55","slug":"aaccea-musique-saison-2023-2024","status":"publish","type":"post","link":"https:\/\/aaccea-photo.org\/WP3\/aaccea-musique-saison-2023-2024\/","title":{"rendered":"AACCEA-Musique Saison 2023-2024"},"content":{"rendered":"\n<h1 style=\"text-align: center;\"><em><strong>Reportage photo des concerts<br \/>section AAC CEA Musique<\/strong><\/em><br \/><em><strong>Saison 2023-2024<\/strong><\/em><\/h1>\n<p><a href=\"http:\/\/aaccea-photo.org\/WP3\/wp-content\/uploads\/2019\/02\/39107070670_c82efc47a7_z.jpg\"><img loading=\"lazy\" decoding=\"async\" class=\"aligncenter size-medium wp-image-2470\" src=\"http:\/\/aaccea-photo.org\/WP3\/wp-content\/uploads\/2019\/02\/39107070670_c82efc47a7_z-300x199.jpg\" sizes=\"(max-width: 300px) 100vw, 300px\" srcset=\"http:\/\/aaccea-photo.org\/WP3\/wp-content\/uploads\/2019\/02\/39107070670_c82efc47a7_z-300x199.jpg 300w, http:\/\/aaccea-photo.org\/WP3\/wp-content\/uploads\/2019\/02\/39107070670_c82efc47a7_z.jpg 640w\" alt=\"\" width=\"300\" height=\"199\" \/><\/a><\/p>\n<h2><em><strong>=&gt; Galerie photo des concerts 2023-2024 :<\/strong><\/em><\/h2>\n<ul>\n<li><em><strong>Le 21 Juin<\/strong><\/em> <em>Brass &amp; Co f\u00eate de la musique<\/em><br \/><em><strong>Photos :<\/strong><\/em> <a href=\"https:\/\/www.flickr.com\/gp\/135330759@N04\/57T69y4636\" target=\"_blank\" rel=\"noopener\">Marie, Seb, R\u00e9gis<\/a><\/li>\n<li><em><strong>Le 15 Mars,<\/strong> Brass &amp; Co de GIf avec le groupe Syhi\u00e8<br \/><strong>Photos :<\/strong> <a href=\"https:\/\/www.flickr.com\/gp\/135330759@N04\/D97p6NU363\" target=\"_blank\" rel=\"noopener\">Seb, Marie, R\u00e9gis<\/a><\/em><\/li>\n<li><em><strong>Le 07 D\u00e9cembre,<\/strong> Brass &amp; Co de GIf avec le groupe Napalmed Muted et Foreskin<br \/><strong>Photos :<\/strong> <a href=\"https:\/\/flic.kr\/s\/aHBqjB72oA\" target=\"_blank\" rel=\"noopener\">Seb, Marie, Yves, Xavier<\/a><br \/><\/em><\/li>\n<li><em><strong>Le 24 Novembre, <\/strong>espace culturel Jean Ferrat de Saulx les Chartreux, avec le groupe BRUNK.<br \/><strong>Photos :<\/strong> <a href=\"https:\/\/flic.kr\/s\/aHBqjB4Tir\" target=\"_blank\" rel=\"noopener\">Seb, Marie, Renaud<\/a><\/em><\/li>\n<\/ul>\n","protected":false},"excerpt":{"rendered":"<p>Reportage photo des concertssection AAC CEA MusiqueSaison 2023-2024 =&gt; Galerie photo des concerts 2023-2024 : Le 21 Juin Brass &amp; Co f\u00eate de la musiquePhotos : Marie, Seb, R\u00e9gis Le 15 Mars, Brass &amp; Co de GIf avec le groupe Syhi\u00e8Photos : Seb, Marie, R\u00e9gis Le 07 D\u00e9cembre, Brass &amp; Co de GIf avec le&hellip;<\/p>\n","protected":false},"author":6,"featured_media":0,"comment_status":"open","ping_status":"open","sticky":false,"template":"","format":"standard","meta":{"footnotes":""},"categories":[9],"tags":[],"_links":{"self":[{"href":"https:\/\/aaccea-photo.org\/WP3\/wp-json\/wp\/v2\/posts\/3551"}],"collection":[{"href":"https:\/\/aaccea-photo.org\/WP3\/wp-json\/wp\/v2\/posts"}],"about":[{"href":"https:\/\/aaccea-photo.org\/WP3\/wp-json\/wp\/v2\/types\/post"}],"author":[{"embeddable":true,"href":"https:\/\/aaccea-photo.org\/WP3\/wp-json\/wp\/v2\/users\/6"}],"replies":[{"embeddable":true,"href":"https:\/\/aaccea-photo.org\/WP3\/wp-json\/wp\/v2\/comments?post=3551"}],"version-history":[{"count":1,"href":"https:\/\/aaccea-photo.org\/WP3\/wp-json\/wp\/v2\/posts\/3551\/revisions"}],"predecessor-version":[{"id":3552,"href":"https:\/\/aaccea-photo.org\/WP3\/wp-json\/wp\/v2\/posts\/3551\/revisions\/3552"}],"wp:attachment":[{"href":"https:\/\/aaccea-photo.org\/WP3\/wp-json\/wp\/v2\/media?parent=3551"}],"wp:term":[{"taxonomy":"category","embeddable":true,"href":"https:\/\/aaccea-photo.org\/WP3\/wp-json\/wp\/v2\/categories?post=3551"},{"taxonomy":"post_tag","embeddable":true,"href":"https:\/\/aaccea-photo.org\/WP3\/wp-json\/wp\/v2\/tags?post=3551"}],"curies":[{"name":"wp","href":"https:\/\/api.w.org\/{rel}","templated":true}]}}