{"id":3573,"date":"2024-12-03T10:55:01","date_gmt":"2024-12-03T09:55:01","guid":{"rendered":"http:\/\/aaccea-photo.org\/WP3\/?p=3573"},"modified":"2024-12-11T11:18:21","modified_gmt":"2024-12-11T10:18:21","slug":"sortieornithologique","status":"publish","type":"post","link":"https:\/\/aaccea-photo.org\/WP3\/sortieornithologique\/","title":{"rendered":"[Sortie]Ornithologique"},"content":{"rendered":"\n<h2 style=\"text-align: center;\"><span style=\"text-decoration: underline;\"><strong>Sortie Ornithologique aux \u00e9tangs de Saclay<\/strong><\/span><\/h2>\n<p style=\"text-align: center;\"><a href=\"http:\/\/aaccea-photo.org\/WP3\/wp-content\/uploads\/2024\/12\/Ornithologie.jpg\"><img loading=\"lazy\" decoding=\"async\" class=\"aligncenter size-medium wp-image-3574\" src=\"http:\/\/aaccea-photo.org\/WP3\/wp-content\/uploads\/2024\/12\/Ornithologie-300x300.jpg\" alt=\"\" width=\"300\" height=\"300\" srcset=\"https:\/\/aaccea-photo.org\/WP3\/wp-content\/uploads\/2024\/12\/Ornithologie-300x300.jpg 300w, https:\/\/aaccea-photo.org\/WP3\/wp-content\/uploads\/2024\/12\/Ornithologie-150x150.jpg 150w, https:\/\/aaccea-photo.org\/WP3\/wp-content\/uploads\/2024\/12\/Ornithologie-768x768.jpg 768w, https:\/\/aaccea-photo.org\/WP3\/wp-content\/uploads\/2024\/12\/Ornithologie.jpg 980w\" sizes=\"(max-width: 300px) 100vw, 300px\" \/><\/a><\/p>\n<p style=\"text-align: center;\">Le jeudi 05 D\u00e9cembre entre 12h et 14h une sortie d&rsquo;observation et prise de photos d&rsquo;oiseaux<br \/>aux \u00e9tangs de Saclay est organis\u00e9 par S\u00e9bastien et Philippe GERVAIS.<\/p>\n<p style=\"text-align: center;\">Les photos sont en ligne, f\u00e9licitation aux participants qui ont brav\u00e9 le mauvais temps. La sortie sera \u00e0 refaire avec une meilleur m\u00e9t\u00e9o &#8230;\u00a0<br \/><a href=\"https:\/\/www.flickr.com\/gp\/135330759@N04\/8CAW01oT9S\" target=\"_blank\" rel=\"noopener\"><strong>Galerie photo<\/strong><\/a><\/p>\n<p>\u00a0<\/p>\n<p><strong><span style=\"text-decoration: underline;\"><em>Inscrits :<\/em> <\/span><\/strong>Fr\u00e9d\u00e9ric, Philippe, Guiseppe, Marl\u00e8ne, Gr\u00e9goire, Sylvain, Seb<\/p>\n<div>\u00a0<\/div>\n","protected":false},"excerpt":{"rendered":"<p>Sortie Ornithologique aux \u00e9tangs de Saclay Le jeudi 05 D\u00e9cembre entre 12h et 14h une sortie d&rsquo;observation et prise de photos d&rsquo;oiseauxaux \u00e9tangs de Saclay est organis\u00e9 par S\u00e9bastien et Philippe GERVAIS. Les photos sont en ligne, f\u00e9licitation aux participants qui ont brav\u00e9 le mauvais temps. La sortie sera \u00e0 refaire avec une meilleur m\u00e9t\u00e9o&hellip;<\/p>\n","protected":false},"author":6,"featured_media":0,"comment_status":"open","ping_status":"open","sticky":false,"template":"","format":"standard","meta":{"footnotes":""},"categories":[11],"tags":[],"_links":{"self":[{"href":"https:\/\/aaccea-photo.org\/WP3\/wp-json\/wp\/v2\/posts\/3573"}],"collection":[{"href":"https:\/\/aaccea-photo.org\/WP3\/wp-json\/wp\/v2\/posts"}],"about":[{"href":"https:\/\/aaccea-photo.org\/WP3\/wp-json\/wp\/v2\/types\/post"}],"author":[{"embeddable":true,"href":"https:\/\/aaccea-photo.org\/WP3\/wp-json\/wp\/v2\/users\/6"}],"replies":[{"embeddable":true,"href":"https:\/\/aaccea-photo.org\/WP3\/wp-json\/wp\/v2\/comments?post=3573"}],"version-history":[{"count":6,"href":"https:\/\/aaccea-photo.org\/WP3\/wp-json\/wp\/v2\/posts\/3573\/revisions"}],"predecessor-version":[{"id":3601,"href":"https:\/\/aaccea-photo.org\/WP3\/wp-json\/wp\/v2\/posts\/3573\/revisions\/3601"}],"wp:attachment":[{"href":"https:\/\/aaccea-photo.org\/WP3\/wp-json\/wp\/v2\/media?parent=3573"}],"wp:term":[{"taxonomy":"category","embeddable":true,"href":"https:\/\/aaccea-photo.org\/WP3\/wp-json\/wp\/v2\/categories?post=3573"},{"taxonomy":"post_tag","embeddable":true,"href":"https:\/\/aaccea-photo.org\/WP3\/wp-json\/wp\/v2\/tags?post=3573"}],"curies":[{"name":"wp","href":"https:\/\/api.w.org\/{rel}","templated":true}]}}