{"id":3745,"date":"2025-05-17T15:32:00","date_gmt":"2025-05-17T13:32:00","guid":{"rendered":"https:\/\/aaccea-photo.org\/WP3\/?p=3745"},"modified":"2025-06-21T17:55:53","modified_gmt":"2025-06-21T15:55:53","slug":"sortie-shooting-photo-danseuse","status":"publish","type":"post","link":"https:\/\/aaccea-photo.org\/WP3\/sortie-shooting-photo-danseuse\/","title":{"rendered":"[Sortie] Shooting photo danseuse"},"content":{"rendered":"\n\n\n<p style=\"text-align: left;\">Le 17 Mai 2025 nous avons r\u00e9alis\u00e9 un shooting photo sur Paris avec une danseuse professionnelle de l&rsquo;op\u00e9ra de Paris. Merci \u00e0 Philippe pour l&rsquo;organisation de la sortie, et merci \u00e0 la danseuse Elo\u00efse Rose pour sa prestation et sa patience.<br \/><a href=\"http:\/\/aaccea-photo.org\/WP3\/wp-content\/uploads\/2025\/06\/54592667749_c4f750edd6_c.jpg\"><img loading=\"lazy\" decoding=\"async\" class=\"aligncenter size-medium wp-image-3746\" src=\"http:\/\/aaccea-photo.org\/WP3\/wp-content\/uploads\/2025\/06\/54592667749_c4f750edd6_c-300x200.jpg\" alt=\"\" width=\"300\" height=\"200\" srcset=\"https:\/\/aaccea-photo.org\/WP3\/wp-content\/uploads\/2025\/06\/54592667749_c4f750edd6_c-300x200.jpg 300w, https:\/\/aaccea-photo.org\/WP3\/wp-content\/uploads\/2025\/06\/54592667749_c4f750edd6_c-768x512.jpg 768w, https:\/\/aaccea-photo.org\/WP3\/wp-content\/uploads\/2025\/06\/54592667749_c4f750edd6_c.jpg 799w\" sizes=\"(max-width: 300px) 100vw, 300px\" \/><\/a> <a href=\"http:\/\/aaccea-photo.org\/WP3\/wp-content\/uploads\/2025\/06\/54592689473_93a0357720_c.jpg\"><img loading=\"lazy\" decoding=\"async\" class=\"size-medium wp-image-3747 alignleft\" src=\"http:\/\/aaccea-photo.org\/WP3\/wp-content\/uploads\/2025\/06\/54592689473_93a0357720_c-300x200.jpg\" alt=\"\" width=\"300\" height=\"200\" srcset=\"https:\/\/aaccea-photo.org\/WP3\/wp-content\/uploads\/2025\/06\/54592689473_93a0357720_c-300x200.jpg 300w, https:\/\/aaccea-photo.org\/WP3\/wp-content\/uploads\/2025\/06\/54592689473_93a0357720_c-768x512.jpg 768w, https:\/\/aaccea-photo.org\/WP3\/wp-content\/uploads\/2025\/06\/54592689473_93a0357720_c.jpg 799w\" sizes=\"(max-width: 300px) 100vw, 300px\" \/><\/a> <a href=\"http:\/\/aaccea-photo.org\/WP3\/wp-content\/uploads\/2025\/06\/54592667784_723e70fe16_c.jpg\"><img loading=\"lazy\" decoding=\"async\" class=\"size-medium wp-image-3748 alignright\" src=\"http:\/\/aaccea-photo.org\/WP3\/wp-content\/uploads\/2025\/06\/54592667784_723e70fe16_c-300x200.jpg\" alt=\"\" width=\"300\" height=\"200\" srcset=\"https:\/\/aaccea-photo.org\/WP3\/wp-content\/uploads\/2025\/06\/54592667784_723e70fe16_c-300x200.jpg 300w, https:\/\/aaccea-photo.org\/WP3\/wp-content\/uploads\/2025\/06\/54592667784_723e70fe16_c-768x512.jpg 768w, https:\/\/aaccea-photo.org\/WP3\/wp-content\/uploads\/2025\/06\/54592667784_723e70fe16_c.jpg 799w\" sizes=\"(max-width: 300px) 100vw, 300px\" \/><\/a> <a href=\"http:\/\/aaccea-photo.org\/WP3\/wp-content\/uploads\/2025\/06\/54592689453_3e784e3738_c.jpg\"><img loading=\"lazy\" decoding=\"async\" class=\"alignleft size-medium wp-image-3749\" src=\"http:\/\/aaccea-photo.org\/WP3\/wp-content\/uploads\/2025\/06\/54592689453_3e784e3738_c-200x300.jpg\" alt=\"\" width=\"200\" height=\"300\" srcset=\"https:\/\/aaccea-photo.org\/WP3\/wp-content\/uploads\/2025\/06\/54592689453_3e784e3738_c-200x300.jpg 200w, https:\/\/aaccea-photo.org\/WP3\/wp-content\/uploads\/2025\/06\/54592689453_3e784e3738_c.jpg 533w\" sizes=\"(max-width: 200px) 100vw, 200px\" \/><\/a><\/p>\n<p>\u00a0<\/p>\n<p>\u00a0<\/p>\n<p>\u00a0<\/p>\n<p>\u00a0<\/p>\n<p>\u00a0<\/p>\n<p>\u00a0<\/p>\n<p>\u00a0<\/p>\n<p><span style=\"text-decoration: underline;\"><em>Photographes :<\/em> <\/span>Alexianne, Denis, Giuseppe, Guillaume, Xavier, Philippe et R\u00e9gis<\/p>\n<p>Les photos sont visible <a href=\"https:\/\/www.flickr.com\/gp\/135330759@N04\/0Jyi41SNf9\" target=\"_blank\" rel=\"noopener\">galerie ICI<\/a>\u00a0<br \/><br \/>Les photos d&rsquo;ambiance sont <a href=\"https:\/\/www.flickr.com\/photos\/135330759@N04\/albums\/72177720326884691\/\" target=\"_blank\" rel=\"noopener\">ICI<\/a> (Merci Denise pour les photos)<\/p>\n\n\n","protected":false},"excerpt":{"rendered":"<p>Le 17 Mai 2025 nous avons r\u00e9alis\u00e9 un shooting photo sur Paris avec une danseuse professionnelle de l&rsquo;op\u00e9ra de Paris. Merci \u00e0 Philippe pour l&rsquo;organisation de la sortie, et merci \u00e0 la danseuse Elo\u00efse Rose pour sa prestation et sa patience. \u00a0 \u00a0 \u00a0 \u00a0 \u00a0 \u00a0 \u00a0 Photographes : Alexianne, Denis, Giuseppe, Guillaume, Xavier,&hellip;<\/p>\n","protected":false},"author":6,"featured_media":0,"comment_status":"open","ping_status":"open","sticky":false,"template":"","format":"standard","meta":{"footnotes":""},"categories":[1],"tags":[],"_links":{"self":[{"href":"https:\/\/aaccea-photo.org\/WP3\/wp-json\/wp\/v2\/posts\/3745"}],"collection":[{"href":"https:\/\/aaccea-photo.org\/WP3\/wp-json\/wp\/v2\/posts"}],"about":[{"href":"https:\/\/aaccea-photo.org\/WP3\/wp-json\/wp\/v2\/types\/post"}],"author":[{"embeddable":true,"href":"https:\/\/aaccea-photo.org\/WP3\/wp-json\/wp\/v2\/users\/6"}],"replies":[{"embeddable":true,"href":"https:\/\/aaccea-photo.org\/WP3\/wp-json\/wp\/v2\/comments?post=3745"}],"version-history":[{"count":6,"href":"https:\/\/aaccea-photo.org\/WP3\/wp-json\/wp\/v2\/posts\/3745\/revisions"}],"predecessor-version":[{"id":3759,"href":"https:\/\/aaccea-photo.org\/WP3\/wp-json\/wp\/v2\/posts\/3745\/revisions\/3759"}],"wp:attachment":[{"href":"https:\/\/aaccea-photo.org\/WP3\/wp-json\/wp\/v2\/media?parent=3745"}],"wp:term":[{"taxonomy":"category","embeddable":true,"href":"https:\/\/aaccea-photo.org\/WP3\/wp-json\/wp\/v2\/categories?post=3745"},{"taxonomy":"post_tag","embeddable":true,"href":"https:\/\/aaccea-photo.org\/WP3\/wp-json\/wp\/v2\/tags?post=3745"}],"curies":[{"name":"wp","href":"https:\/\/api.w.org\/{rel}","templated":true}]}}