{"id":567,"date":"2012-11-12T08:30:37","date_gmt":"2012-11-12T07:30:37","guid":{"rendered":"http:\/\/aaccea-photo.org\/WP3\/?p=567"},"modified":"2013-01-28T09:47:48","modified_gmt":"2013-01-28T08:47:48","slug":"jpo_2012","status":"publish","type":"post","link":"https:\/\/aaccea-photo.org\/WP3\/jpo_2012\/","title":{"rendered":"[Reportage] JPO de Saclay"},"content":{"rendered":"<h2>Le reportage<\/h2>\n<p>Nous avons besoins de volontaires pour r\u00e9aliser une couverture photo des <strong>Journ\u00e9es Portes ouvertes du centre Salcay le samedi 14 et dimanche \u00a015 Octobre.<\/strong><\/p>\n<p><a href=\"http:\/\/aaccea-photo.org\/WP3\/wp-content\/uploads\/2012\/09\/jpoannonceintranet21.png\"><img loading=\"lazy\" decoding=\"async\" class=\"aligncenter size-full wp-image-574\" title=\"jpo_2012\" src=\"http:\/\/aaccea-photo.org\/WP3\/wp-content\/uploads\/2012\/09\/jpoannonceintranet21.png\" alt=\"\" width=\"200\" height=\"300\" srcset=\"https:\/\/aaccea-photo.org\/WP3\/wp-content\/uploads\/2012\/09\/jpoannonceintranet21.png 594w, https:\/\/aaccea-photo.org\/WP3\/wp-content\/uploads\/2012\/09\/jpoannonceintranet21-199x300.png 199w\" sizes=\"(max-width: 200px) 100vw, 200px\" \/><\/a><\/p>\n<p>La visite \u00a0sera centr\u00e9e autour de l&rsquo;amphi Joliot-Curie et sur 50 points \u00a0sur le centre. Il y aura aussi deux spectacles familiaux \u00e0 l&rsquo;INSTN et des repas et go\u00fbters au resto 2. Les photos, apr\u00e8s tri par la section, seront diffus\u00e9es sur intranet et t\u00e9l\u00e9chargeables par le personnel.<\/p>\n<p>Si vous \u00eates int\u00e9ress\u00e9s, il faut obligatoirement s\u2019incrire pour faire \u00e9tablir une autorisation temporaire de photographier sur le centre.<\/p>\n<p>Il faut savoir que les photos seront toujours interdites sans cette autorisation. \u00a0Une fois inscrit il n\u2019y pas d\u2019obligation de venir les 2 jours.<\/p>\n<h2>Contact<\/h2>\n<p>N\u2019h\u00e9sitez pas \u00e0 \u00a0contacter \u00a0<a href=\"mailto:suresh.pajaniradja@cea.fr?subject=[JPO_Saclay]\" target=\"_blank\">suresh<\/a> ou \u00a0<a href=\"mailto:Jean-Yves.THURET@cea.fr?subject=[JPO_Saclay]\" target=\"_blank\">Jean-Yves<\/a> \u00a0si vous avez des questions.<\/p>\n<h2>La galerie<\/h2>\n<p><a href='http:\/\/aaccea-photo.org\/Galeries\/2012_JPO\/index.html' target='_blank'>Voir les photos<\/a><\/p>\n","protected":false},"excerpt":{"rendered":"<p>Le reportage Nous avons besoins de volontaires pour r\u00e9aliser une couverture photo des Journ\u00e9es Portes ouvertes du centre Salcay le samedi 14 et dimanche \u00a015 Octobre. La visite \u00a0sera centr\u00e9e autour de l&rsquo;amphi Joliot-Curie et sur 50 points \u00a0sur le centre. Il y aura aussi deux spectacles familiaux \u00e0 l&rsquo;INSTN et des repas et go\u00fbters&hellip;<\/p>\n","protected":false},"author":4,"featured_media":0,"comment_status":"closed","ping_status":"open","sticky":false,"template":"","format":"standard","meta":{"footnotes":""},"categories":[9],"tags":[],"_links":{"self":[{"href":"https:\/\/aaccea-photo.org\/WP3\/wp-json\/wp\/v2\/posts\/567"}],"collection":[{"href":"https:\/\/aaccea-photo.org\/WP3\/wp-json\/wp\/v2\/posts"}],"about":[{"href":"https:\/\/aaccea-photo.org\/WP3\/wp-json\/wp\/v2\/types\/post"}],"author":[{"embeddable":true,"href":"https:\/\/aaccea-photo.org\/WP3\/wp-json\/wp\/v2\/users\/4"}],"replies":[{"embeddable":true,"href":"https:\/\/aaccea-photo.org\/WP3\/wp-json\/wp\/v2\/comments?post=567"}],"version-history":[{"count":11,"href":"https:\/\/aaccea-photo.org\/WP3\/wp-json\/wp\/v2\/posts\/567\/revisions"}],"predecessor-version":[{"id":948,"href":"https:\/\/aaccea-photo.org\/WP3\/wp-json\/wp\/v2\/posts\/567\/revisions\/948"}],"wp:attachment":[{"href":"https:\/\/aaccea-photo.org\/WP3\/wp-json\/wp\/v2\/media?parent=567"}],"wp:term":[{"taxonomy":"category","embeddable":true,"href":"https:\/\/aaccea-photo.org\/WP3\/wp-json\/wp\/v2\/categories?post=567"},{"taxonomy":"post_tag","embeddable":true,"href":"https:\/\/aaccea-photo.org\/WP3\/wp-json\/wp\/v2\/tags?post=567"}],"curies":[{"name":"wp","href":"https:\/\/api.w.org\/{rel}","templated":true}]}}