{"id":598,"date":"2012-11-12T08:30:04","date_gmt":"2012-11-12T07:30:04","guid":{"rendered":"http:\/\/aaccea-photo.org\/WP3\/?p=598"},"modified":"2013-01-28T09:48:37","modified_gmt":"2013-01-28T08:48:37","slug":"volley_intrelabo","status":"publish","type":"post","link":"https:\/\/aaccea-photo.org\/WP3\/volley_intrelabo\/","title":{"rendered":"[Reportage] Tournoi interlabo volley"},"content":{"rendered":"<h2>Le reportage<\/h2>\n<p>Nous avons besoins de volontaires pour r\u00e9aliser un reportage lors du tournoi inter labo de Volleyball:<\/p>\n<h4>Les dates\u00a0:<\/h4>\n<p>jeudi 27\/09 ou jeudi 04\/10<br \/>\njeudi 18\/10<br \/>\njeudi 25\/10<\/p>\n<h4>Lieu<\/h4>\n<p>Gymnase du Moulon (\u00e0 c\u00f4t\u00e9 de Supelec)<\/p>\n<h4>Horaire<\/h4>\n<p>18h \u2013 20 h<\/p>\n<h2>Contact<\/h2>\n<p>N\u2019h\u00e9sitez pas \u00e0 \u00a0contacter\u00a0 <a href=\"mailto:suresh.pajaniradja@cea.fr?subject=[JPO_Saclay]\" target=\"_blank\">Suresh<\/a> si vous avez des questions.<\/p>\n<h2>La galerie<\/h2>\n<p><a href='http:\/\/aaccea-photo.org\/Galeries\/2012_Volley\/index.html' target='_blank'>Voir les photos<\/a><\/p>\n","protected":false},"excerpt":{"rendered":"<p>Le reportage Nous avons besoins de volontaires pour r\u00e9aliser un reportage lors du tournoi inter labo de Volleyball: Les dates\u00a0: jeudi 27\/09 ou jeudi 04\/10 jeudi 18\/10 jeudi 25\/10 Lieu Gymnase du Moulon (\u00e0 c\u00f4t\u00e9 de Supelec) Horaire 18h \u2013 20 h Contact N\u2019h\u00e9sitez pas \u00e0 \u00a0contacter\u00a0 Suresh si vous avez des questions. La galerie&hellip;<\/p>\n","protected":false},"author":4,"featured_media":0,"comment_status":"closed","ping_status":"open","sticky":false,"template":"","format":"standard","meta":{"footnotes":""},"categories":[9],"tags":[],"_links":{"self":[{"href":"https:\/\/aaccea-photo.org\/WP3\/wp-json\/wp\/v2\/posts\/598"}],"collection":[{"href":"https:\/\/aaccea-photo.org\/WP3\/wp-json\/wp\/v2\/posts"}],"about":[{"href":"https:\/\/aaccea-photo.org\/WP3\/wp-json\/wp\/v2\/types\/post"}],"author":[{"embeddable":true,"href":"https:\/\/aaccea-photo.org\/WP3\/wp-json\/wp\/v2\/users\/4"}],"replies":[{"embeddable":true,"href":"https:\/\/aaccea-photo.org\/WP3\/wp-json\/wp\/v2\/comments?post=598"}],"version-history":[{"count":16,"href":"https:\/\/aaccea-photo.org\/WP3\/wp-json\/wp\/v2\/posts\/598\/revisions"}],"predecessor-version":[{"id":949,"href":"https:\/\/aaccea-photo.org\/WP3\/wp-json\/wp\/v2\/posts\/598\/revisions\/949"}],"wp:attachment":[{"href":"https:\/\/aaccea-photo.org\/WP3\/wp-json\/wp\/v2\/media?parent=598"}],"wp:term":[{"taxonomy":"category","embeddable":true,"href":"https:\/\/aaccea-photo.org\/WP3\/wp-json\/wp\/v2\/categories?post=598"},{"taxonomy":"post_tag","embeddable":true,"href":"https:\/\/aaccea-photo.org\/WP3\/wp-json\/wp\/v2\/tags?post=598"}],"curies":[{"name":"wp","href":"https:\/\/api.w.org\/{rel}","templated":true}]}}