{"id":615,"date":"2012-09-24T18:44:25","date_gmt":"2012-09-24T16:44:25","guid":{"rendered":"http:\/\/aaccea-photo.org\/WP3\/?p=615"},"modified":"2012-10-13T09:34:36","modified_gmt":"2012-10-13T07:34:36","slug":"cours-saclay-vision_012012","status":"publish","type":"post","link":"https:\/\/aaccea-photo.org\/WP3\/cours-saclay-vision_012012\/","title":{"rendered":"[Cours] Comment bien utiliser votre appareil photo"},"content":{"rendered":"<p>Bonjour,<\/p>\n<p>Comme chaque ann\u00e9e j&rsquo;organise un cours pour les d\u00e9butants intitul\u00e9 : <strong>Comment bien utiliser votre appareil photo.<\/strong><strong><br \/>\n<\/strong><br \/>\nCe cours aura lieu sur 2 samedi apr\u00e8s midi les 27 octobre et 10 novembre.<\/p>\n<p>Ce cours s&rsquo;adresse en premier lieu aux d\u00e9butants et nouveaux membres mais ils est aussi ouvert \u00e0 tous les membres de Saclay Visions et de l&rsquo;AAC-CEA.<\/p>\n<p>Merci de vous inscrire par mail \u00e0 <a href=\"mailto:antoine.garric@gmail.com\" target=\"_blank\"> antoine.garric@gmail.com<\/a> d\u00e8s que possible.<\/p>\n<p>Je repars des fondamentaux, aucun pr\u00e9-requis n&rsquo;est n\u00e9cessaire pour ce cours. Contenu :<\/p>\n<p>Partie 1- Ce qui est commun \u00e0 l&rsquo;argentique et au num\u00e9rique<br \/>\nLes objectifs et les focales<br \/>\nL&rsquo;exposition: diaphragme, vitesse, ISO<br \/>\nLa mise au point<br \/>\nLa profondeur de champ<br \/>\nLes temp\u00e9ratures de couleurs<br \/>\nQuel appareil photo choisir?<\/p>\n<p>Partie 2 &#8211; Ce qui est sp\u00e9cifique au num\u00e9rique<br \/>\nRudiments d&rsquo;informatique, bits, octets et Moctets<br \/>\nLes capteurs les photosites et les pixels<br \/>\nRepr\u00e9sentation du N&amp;B et de la couleur<br \/>\nL&rsquo;histogramme<br \/>\nFormats de fichiers jpeg, tiff, gif, psd, et raw<br \/>\nTaille et r\u00e9solution des images<\/p>\n<p>Bien cordialement,<br \/>\nAntoine<\/p>\n","protected":false},"excerpt":{"rendered":"<p>Bonjour, Comme chaque ann\u00e9e j&rsquo;organise un cours pour les d\u00e9butants intitul\u00e9 : Comment bien utiliser votre appareil photo. Ce cours aura lieu sur 2 samedi apr\u00e8s midi les 27 octobre et 10 novembre. Ce cours s&rsquo;adresse en premier lieu aux d\u00e9butants et nouveaux membres mais ils est aussi ouvert \u00e0 tous les membres de Saclay&hellip;<\/p>\n","protected":false},"author":4,"featured_media":0,"comment_status":"closed","ping_status":"open","sticky":false,"template":"","format":"standard","meta":{"footnotes":""},"categories":[19],"tags":[],"_links":{"self":[{"href":"https:\/\/aaccea-photo.org\/WP3\/wp-json\/wp\/v2\/posts\/615"}],"collection":[{"href":"https:\/\/aaccea-photo.org\/WP3\/wp-json\/wp\/v2\/posts"}],"about":[{"href":"https:\/\/aaccea-photo.org\/WP3\/wp-json\/wp\/v2\/types\/post"}],"author":[{"embeddable":true,"href":"https:\/\/aaccea-photo.org\/WP3\/wp-json\/wp\/v2\/users\/4"}],"replies":[{"embeddable":true,"href":"https:\/\/aaccea-photo.org\/WP3\/wp-json\/wp\/v2\/comments?post=615"}],"version-history":[{"count":6,"href":"https:\/\/aaccea-photo.org\/WP3\/wp-json\/wp\/v2\/posts\/615\/revisions"}],"predecessor-version":[{"id":679,"href":"https:\/\/aaccea-photo.org\/WP3\/wp-json\/wp\/v2\/posts\/615\/revisions\/679"}],"wp:attachment":[{"href":"https:\/\/aaccea-photo.org\/WP3\/wp-json\/wp\/v2\/media?parent=615"}],"wp:term":[{"taxonomy":"category","embeddable":true,"href":"https:\/\/aaccea-photo.org\/WP3\/wp-json\/wp\/v2\/categories?post=615"},{"taxonomy":"post_tag","embeddable":true,"href":"https:\/\/aaccea-photo.org\/WP3\/wp-json\/wp\/v2\/tags?post=615"}],"curies":[{"name":"wp","href":"https:\/\/api.w.org\/{rel}","templated":true}]}}