{"id":637,"date":"2012-10-01T20:02:48","date_gmt":"2012-10-01T18:02:48","guid":{"rendered":"http:\/\/aaccea-photo.org\/WP3\/?p=637"},"modified":"2012-10-31T09:44:03","modified_gmt":"2012-10-31T08:44:03","slug":"reportage-autorisation-de-prise-de-vue-sur-le-centre","status":"publish","type":"post","link":"https:\/\/aaccea-photo.org\/WP3\/reportage-autorisation-de-prise-de-vue-sur-le-centre\/","title":{"rendered":"[Reportage] Autorisation de prise de vue sur le centre"},"content":{"rendered":"<p>Bonjour,<\/p>\n<p>Si vous souhaitez pouvoir participer aux reportages propos\u00e9s par la section sur le centre, <a href='http:\/\/aaccea-photo.org\/WP3\/wp-content\/uploads\/2012\/10\/autorisation_prise_vue_NomPhotographe.doc'>merci de remplir le document joint<\/a> et de me l&rsquo;envoyer a.s.a.p., <strong>en rempla\u00e7ant \u00ab\u00a0NomPhotographe\u00a0\u00bb par votre nom<\/strong> (sinon, la demande ne sera pas trait\u00e9e).<br \/>\nLes demandes seront valables pour un an \u00e0 compter de leur validation par le centre, et comme d&rsquo;habitude vous devrez avoir le document sur vous en cas de contr\u00f4le. Les photos prises sur le centre ne pourront pas \u00eatre utilis\u00e9es \u00e0 l&rsquo;ext\u00e9rieur sans validation.<\/p>\n<p>Amicalement<\/p>\n<p>Jean-Yves<\/p>\n","protected":false},"excerpt":{"rendered":"<p>Bonjour, Si vous souhaitez pouvoir participer aux reportages propos\u00e9s par la section sur le centre, merci de remplir le document joint et de me l&rsquo;envoyer a.s.a.p., en rempla\u00e7ant \u00ab\u00a0NomPhotographe\u00a0\u00bb par votre nom (sinon, la demande ne sera pas trait\u00e9e). Les demandes seront valables pour un an \u00e0 compter de leur validation par le centre, et&hellip;<\/p>\n","protected":false},"author":4,"featured_media":0,"comment_status":"closed","ping_status":"open","sticky":false,"template":"","format":"standard","meta":{"footnotes":""},"categories":[9],"tags":[],"_links":{"self":[{"href":"https:\/\/aaccea-photo.org\/WP3\/wp-json\/wp\/v2\/posts\/637"}],"collection":[{"href":"https:\/\/aaccea-photo.org\/WP3\/wp-json\/wp\/v2\/posts"}],"about":[{"href":"https:\/\/aaccea-photo.org\/WP3\/wp-json\/wp\/v2\/types\/post"}],"author":[{"embeddable":true,"href":"https:\/\/aaccea-photo.org\/WP3\/wp-json\/wp\/v2\/users\/4"}],"replies":[{"embeddable":true,"href":"https:\/\/aaccea-photo.org\/WP3\/wp-json\/wp\/v2\/comments?post=637"}],"version-history":[{"count":7,"href":"https:\/\/aaccea-photo.org\/WP3\/wp-json\/wp\/v2\/posts\/637\/revisions"}],"predecessor-version":[{"id":751,"href":"https:\/\/aaccea-photo.org\/WP3\/wp-json\/wp\/v2\/posts\/637\/revisions\/751"}],"wp:attachment":[{"href":"https:\/\/aaccea-photo.org\/WP3\/wp-json\/wp\/v2\/media?parent=637"}],"wp:term":[{"taxonomy":"category","embeddable":true,"href":"https:\/\/aaccea-photo.org\/WP3\/wp-json\/wp\/v2\/categories?post=637"},{"taxonomy":"post_tag","embeddable":true,"href":"https:\/\/aaccea-photo.org\/WP3\/wp-json\/wp\/v2\/tags?post=637"}],"curies":[{"name":"wp","href":"https:\/\/api.w.org\/{rel}","templated":true}]}}