{"id":738,"date":"2012-10-29T10:51:57","date_gmt":"2012-10-29T09:51:57","guid":{"rendered":"http:\/\/aaccea-photo.org\/WP3\/?p=738"},"modified":"2012-10-31T09:43:12","modified_gmt":"2012-10-31T08:43:12","slug":"vdc-20121113","status":"publish","type":"post","link":"https:\/\/aaccea-photo.org\/WP3\/vdc-20121113\/","title":{"rendered":"Rendez-vous autour de livres photo"},"content":{"rendered":"<h2>Objectif<\/h2>\n<p>Nous avons probablement tous chez nous des livres de photographes plus ou moins connus. Nous vous invitons \u00e0 en amener au moins un le 13 novembre, pour que nous puissions passer un moment convivial autour de ces \u0153uvres. Nous aurons aussi quelques livres venant de la biblioth\u00e8que de la section que vous pourrez emprunter. N&rsquo;h\u00e9sitez pas \u00e0 venir m\u00eame les mains vides !<\/p>\n<h2>Quand<\/h2>\n<p>le 13 novembre \u00e0 17h30, salle A8 \u00e0 l&rsquo;INSTN<\/p>\n","protected":false},"excerpt":{"rendered":"<p>Objectif Nous avons probablement tous chez nous des livres de photographes plus ou moins connus. Nous vous invitons \u00e0 en amener au moins un le 13 novembre, pour que nous puissions passer un moment convivial autour de ces \u0153uvres. Nous aurons aussi quelques livres venant de la biblioth\u00e8que de la section que vous pourrez emprunter.&hellip;<\/p>\n","protected":false},"author":4,"featured_media":0,"comment_status":"closed","ping_status":"open","sticky":false,"template":"","format":"standard","meta":{"footnotes":""},"categories":[1],"tags":[],"_links":{"self":[{"href":"https:\/\/aaccea-photo.org\/WP3\/wp-json\/wp\/v2\/posts\/738"}],"collection":[{"href":"https:\/\/aaccea-photo.org\/WP3\/wp-json\/wp\/v2\/posts"}],"about":[{"href":"https:\/\/aaccea-photo.org\/WP3\/wp-json\/wp\/v2\/types\/post"}],"author":[{"embeddable":true,"href":"https:\/\/aaccea-photo.org\/WP3\/wp-json\/wp\/v2\/users\/4"}],"replies":[{"embeddable":true,"href":"https:\/\/aaccea-photo.org\/WP3\/wp-json\/wp\/v2\/comments?post=738"}],"version-history":[{"count":3,"href":"https:\/\/aaccea-photo.org\/WP3\/wp-json\/wp\/v2\/posts\/738\/revisions"}],"predecessor-version":[{"id":749,"href":"https:\/\/aaccea-photo.org\/WP3\/wp-json\/wp\/v2\/posts\/738\/revisions\/749"}],"wp:attachment":[{"href":"https:\/\/aaccea-photo.org\/WP3\/wp-json\/wp\/v2\/media?parent=738"}],"wp:term":[{"taxonomy":"category","embeddable":true,"href":"https:\/\/aaccea-photo.org\/WP3\/wp-json\/wp\/v2\/categories?post=738"},{"taxonomy":"post_tag","embeddable":true,"href":"https:\/\/aaccea-photo.org\/WP3\/wp-json\/wp\/v2\/tags?post=738"}],"curies":[{"name":"wp","href":"https:\/\/api.w.org\/{rel}","templated":true}]}}