{"id":752,"date":"2012-11-19T10:09:57","date_gmt":"2012-11-19T09:09:57","guid":{"rendered":"http:\/\/aaccea-photo.org\/WP3\/?p=752"},"modified":"2013-03-27T08:44:45","modified_gmt":"2013-03-27T07:44:45","slug":"reportage-cvmd","status":"publish","type":"post","link":"https:\/\/aaccea-photo.org\/WP3\/reportage-cvmd\/","title":{"rendered":"[Reportage] Tournage court m\u00e9trage CVMD"},"content":{"rendered":"<h2>Reportage<\/h2>\n<p>La section Vid\u00e9o demande un photoreportage pour la couverture photo de leur court m\u00e9trage, y compris une s\u00e9ance en studio.<\/p>\n<h2>Les dates<\/h2>\n<p>Voici les dates de tournage du court m\u00e9trage et c\u2019est avec un grand plaisir que la section vid\u00e9o accueillera un photographe de plateau selon less disponibilit\u00e9s !<\/p>\n<p>24\/25 novembre : bat 472, 1<sup>er<\/sup> \u00e9tage [ sc\u00e8nes de bureau]<br \/>\n1 et 2 d\u00e9cembre\u00a0: 23 Hameau Marianne, Courson-Monteloup [sc\u00e8nes devant et dans un pavillon]<br \/>\n9 d\u00e9cembre\u00a0: bat 532 p29 [sc\u00e8ne dans un labo de chimie]<br \/>\n12 d\u00e9cembre\u00a0apr\u00e8s-midi: resto du christ de Saclay [sc\u00e8ne du resto]<br \/>\n19 d\u00e9cembre\u00a0: Bassin de Coupi\u00e8res \u00e0 Gif sur Yvette [sc\u00e8ne du parc]<\/p>\n<h2>Contact<\/h2>\n<p>Pour les sc\u00e8nes au CEA, il faut faire des HNO. Merci d&rsquo;indiquer <a href=\"mailto:suresh.pajaniradja@cea.fr?subject=[Reportage]\">par mail<\/a> avant le 9 novembre 2012, les infos suivantes pour les jours de tournage au CEA\u00a0:<br \/>\nPr\u00e9nom et Nom :<br \/>\nNationalit\u00e9:<br \/>\nNum\u00e9ro de badge CEA:<br \/>\nFonction:<br \/>\nDirection\/d\u00e9partement\/service<\/p>\n<h2>Les participants<\/h2>\n<p>Thierry Boussuge<\/p>\n<h2>La galerie<\/h2>\n<p><a href=\"http:\/\/aaccea-photo.org\/Galeries\/2013_CVMD\/index.html\" target=\"_blank\">Voir les photos<\/a><\/p>\n","protected":false},"excerpt":{"rendered":"<p>Reportage La section Vid\u00e9o demande un photoreportage pour la couverture photo de leur court m\u00e9trage, y compris une s\u00e9ance en studio. Les dates Voici les dates de tournage du court m\u00e9trage et c\u2019est avec un grand plaisir que la section vid\u00e9o accueillera un photographe de plateau selon less disponibilit\u00e9s ! 24\/25 novembre : bat 472,&hellip;<\/p>\n","protected":false},"author":4,"featured_media":0,"comment_status":"closed","ping_status":"open","sticky":false,"template":"","format":"standard","meta":{"footnotes":""},"categories":[9],"tags":[],"_links":{"self":[{"href":"https:\/\/aaccea-photo.org\/WP3\/wp-json\/wp\/v2\/posts\/752"}],"collection":[{"href":"https:\/\/aaccea-photo.org\/WP3\/wp-json\/wp\/v2\/posts"}],"about":[{"href":"https:\/\/aaccea-photo.org\/WP3\/wp-json\/wp\/v2\/types\/post"}],"author":[{"embeddable":true,"href":"https:\/\/aaccea-photo.org\/WP3\/wp-json\/wp\/v2\/users\/4"}],"replies":[{"embeddable":true,"href":"https:\/\/aaccea-photo.org\/WP3\/wp-json\/wp\/v2\/comments?post=752"}],"version-history":[{"count":10,"href":"https:\/\/aaccea-photo.org\/WP3\/wp-json\/wp\/v2\/posts\/752\/revisions"}],"predecessor-version":[{"id":1051,"href":"https:\/\/aaccea-photo.org\/WP3\/wp-json\/wp\/v2\/posts\/752\/revisions\/1051"}],"wp:attachment":[{"href":"https:\/\/aaccea-photo.org\/WP3\/wp-json\/wp\/v2\/media?parent=752"}],"wp:term":[{"taxonomy":"category","embeddable":true,"href":"https:\/\/aaccea-photo.org\/WP3\/wp-json\/wp\/v2\/categories?post=752"},{"taxonomy":"post_tag","embeddable":true,"href":"https:\/\/aaccea-photo.org\/WP3\/wp-json\/wp\/v2\/tags?post=752"}],"curies":[{"name":"wp","href":"https:\/\/api.w.org\/{rel}","templated":true}]}}