{"id":809,"date":"2012-11-25T11:15:34","date_gmt":"2012-11-25T10:15:34","guid":{"rendered":"http:\/\/aaccea-photo.org\/WP3\/?p=809"},"modified":"2013-02-01T01:10:49","modified_gmt":"2013-02-01T00:10:49","slug":"2012_seism","status":"publish","type":"post","link":"https:\/\/aaccea-photo.org\/WP3\/2012_seism\/","title":{"rendered":"[Reportage] Inauguration de l&rsquo;institut SEISM"},"content":{"rendered":"<h2>Le reportage<\/h2>\n<p>La DEN fait appel aux photographes de la section AAC-CEA photo pour couvrir la journ\u00e9e d&rsquo;inauguration de l&rsquo;institut SEISM.<br \/>\nCette journ\u00e9e sera compos\u00e9es de diverses manifestations et sera cl\u00f4tur\u00e9e par la signature des status et d&rsquo;un cocktail.<\/p>\n<h5>Elle aura lieu le 19 D\u00e9cembre \u00e0 l&rsquo;INSTN.<\/h5>\n<h2>Contact<\/h2>\n<p>contacter <a href=\"mailto:suresh.pajaniradja@cea.fr?subject=[Inauguration SEISM]\" target=\"_blank\">Suresh Pajaniradja<\/a> si vous \u00eates volontaires.<\/p>\n<h2>Les participants<\/h2>\n<ul>\n<li>Suresh<\/li>\n<li>R\u00e9gis<\/li>\n<\/ul>\n<h2>Les photos du reportage<\/h2>\n<p><a href=\"http:\/\/aaccea-photo.org\/Galeries\/2012_SEISM\/index.html\" target=\"_blank\">Voir la galerie<\/a><\/p>\n","protected":false},"excerpt":{"rendered":"<p>Le reportage La DEN fait appel aux photographes de la section AAC-CEA photo pour couvrir la journ\u00e9e d&rsquo;inauguration de l&rsquo;institut SEISM. Cette journ\u00e9e sera compos\u00e9es de diverses manifestations et sera cl\u00f4tur\u00e9e par la signature des status et d&rsquo;un cocktail. Elle aura lieu le 19 D\u00e9cembre \u00e0 l&rsquo;INSTN. Contact contacter Suresh Pajaniradja si vous \u00eates volontaires.&hellip;<\/p>\n","protected":false},"author":4,"featured_media":0,"comment_status":"closed","ping_status":"open","sticky":false,"template":"","format":"standard","meta":{"footnotes":""},"categories":[9],"tags":[],"_links":{"self":[{"href":"https:\/\/aaccea-photo.org\/WP3\/wp-json\/wp\/v2\/posts\/809"}],"collection":[{"href":"https:\/\/aaccea-photo.org\/WP3\/wp-json\/wp\/v2\/posts"}],"about":[{"href":"https:\/\/aaccea-photo.org\/WP3\/wp-json\/wp\/v2\/types\/post"}],"author":[{"embeddable":true,"href":"https:\/\/aaccea-photo.org\/WP3\/wp-json\/wp\/v2\/users\/4"}],"replies":[{"embeddable":true,"href":"https:\/\/aaccea-photo.org\/WP3\/wp-json\/wp\/v2\/comments?post=809"}],"version-history":[{"count":11,"href":"https:\/\/aaccea-photo.org\/WP3\/wp-json\/wp\/v2\/posts\/809\/revisions"}],"predecessor-version":[{"id":975,"href":"https:\/\/aaccea-photo.org\/WP3\/wp-json\/wp\/v2\/posts\/809\/revisions\/975"}],"wp:attachment":[{"href":"https:\/\/aaccea-photo.org\/WP3\/wp-json\/wp\/v2\/media?parent=809"}],"wp:term":[{"taxonomy":"category","embeddable":true,"href":"https:\/\/aaccea-photo.org\/WP3\/wp-json\/wp\/v2\/categories?post=809"},{"taxonomy":"post_tag","embeddable":true,"href":"https:\/\/aaccea-photo.org\/WP3\/wp-json\/wp\/v2\/tags?post=809"}],"curies":[{"name":"wp","href":"https:\/\/api.w.org\/{rel}","templated":true}]}}