{"id":813,"date":"2012-11-25T11:18:32","date_gmt":"2012-11-25T10:18:32","guid":{"rendered":"http:\/\/aaccea-photo.org\/WP3\/?p=813"},"modified":"2013-03-27T08:42:17","modified_gmt":"2013-03-27T07:42:17","slug":"2012_nano-innov","status":"publish","type":"post","link":"https:\/\/aaccea-photo.org\/WP3\/2012_nano-innov\/","title":{"rendered":"[Reportage] Photo d&rsquo;architecture de Nano-Innov"},"content":{"rendered":"<h2>Le reportage<\/h2>\n<p>Le DRT\/LIST\/DACLE a besoin de quelques photo d&rsquo;architecture du batiment Nano-Innov (B\u00e2t 862).<br \/>\nIl faudra une photo d&rsquo;ensemble, une photo de l&rsquo;all\u00e9e centrale et une photo de l&rsquo;entr\u00e9 du 862 par beau temps.<br \/>\nCes photos serviront \u00e0 complementer une video de promotion des activit\u00e9es du DACLE.<\/p>\n<h5>La livraison est attendu pour fin d\u00e9cembre.<\/h5>\n<h2>Contact<\/h2>\n<p>contacter <a href=\"mailto:suresh.pajaniradja@cea.fr?subject=[Inauguration SEISM]\" target=\"_blank\">Suresh Pajaniradja<\/a> pour l&rsquo;inscription au reportage.<\/p>\n<h2>Participants<\/h2>\n<ul>\n<li>Alexandre Aminot<\/li>\n<li>Suresh Pajaniradja<\/i>\n<\/ul>\n<h2>La galerie<\/h2>\n<p><a href=\"http:\/\/aaccea-photo.org\/Galeries\/2013_NanoInnov\/index.html\" target=\"_blank\">Voir les photos<\/a><\/p>\n","protected":false},"excerpt":{"rendered":"<p>Le reportage Le DRT\/LIST\/DACLE a besoin de quelques photo d&rsquo;architecture du batiment Nano-Innov (B\u00e2t 862). Il faudra une photo d&rsquo;ensemble, une photo de l&rsquo;all\u00e9e centrale et une photo de l&rsquo;entr\u00e9 du 862 par beau temps. Ces photos serviront \u00e0 complementer une video de promotion des activit\u00e9es du DACLE. La livraison est attendu pour fin d\u00e9cembre.&hellip;<\/p>\n","protected":false},"author":4,"featured_media":0,"comment_status":"closed","ping_status":"open","sticky":false,"template":"","format":"standard","meta":{"footnotes":""},"categories":[9],"tags":[],"_links":{"self":[{"href":"https:\/\/aaccea-photo.org\/WP3\/wp-json\/wp\/v2\/posts\/813"}],"collection":[{"href":"https:\/\/aaccea-photo.org\/WP3\/wp-json\/wp\/v2\/posts"}],"about":[{"href":"https:\/\/aaccea-photo.org\/WP3\/wp-json\/wp\/v2\/types\/post"}],"author":[{"embeddable":true,"href":"https:\/\/aaccea-photo.org\/WP3\/wp-json\/wp\/v2\/users\/4"}],"replies":[{"embeddable":true,"href":"https:\/\/aaccea-photo.org\/WP3\/wp-json\/wp\/v2\/comments?post=813"}],"version-history":[{"count":10,"href":"https:\/\/aaccea-photo.org\/WP3\/wp-json\/wp\/v2\/posts\/813\/revisions"}],"predecessor-version":[{"id":819,"href":"https:\/\/aaccea-photo.org\/WP3\/wp-json\/wp\/v2\/posts\/813\/revisions\/819"}],"wp:attachment":[{"href":"https:\/\/aaccea-photo.org\/WP3\/wp-json\/wp\/v2\/media?parent=813"}],"wp:term":[{"taxonomy":"category","embeddable":true,"href":"https:\/\/aaccea-photo.org\/WP3\/wp-json\/wp\/v2\/categories?post=813"},{"taxonomy":"post_tag","embeddable":true,"href":"https:\/\/aaccea-photo.org\/WP3\/wp-json\/wp\/v2\/tags?post=813"}],"curies":[{"name":"wp","href":"https:\/\/api.w.org\/{rel}","templated":true}]}}