{"id":879,"date":"2013-01-05T13:13:11","date_gmt":"2013-01-05T12:13:11","guid":{"rendered":"http:\/\/aaccea-photo.org\/WP3\/?p=879"},"modified":"2013-02-01T00:49:26","modified_gmt":"2013-01-31T23:49:26","slug":"tp_201301","status":"publish","type":"post","link":"https:\/\/aaccea-photo.org\/WP3\/tp_201301\/","title":{"rendered":"[TP] Tp du mois de Janvier"},"content":{"rendered":"<h2>Objectif<\/h2>\n<p>Arriver \u00e0 mettre en valeur un th\u00e8me impos\u00e9 sur votre photo en travaillant sur la composition, les r\u00e9glages, l&rsquo;\u00e9clairage et le post traitement.<\/p>\n<h2>Th\u00e8me<\/h2>\n<p>Le th\u00e8me du Tp de Janvier est le feu (flamme, feu de chemin\u00e9e, allumette, bougie etc &#8230;.).<br \/>\n<a href=\"http:\/\/aaccea-photo.org\/WP3\/wp-content\/uploads\/2013\/01\/feu-de-cheminee.gif\"><img loading=\"lazy\" decoding=\"async\" src=\"http:\/\/aaccea-photo.org\/WP3\/wp-content\/uploads\/2013\/01\/feu-de-cheminee.gif\" alt=\"\" title=\"feu-de-cheminee\" width=\"220\" height=\"220\" class=\"aligncenter size-full wp-image-882\" srcset=\"https:\/\/aaccea-photo.org\/WP3\/wp-content\/uploads\/2013\/01\/feu-de-cheminee.gif 220w, https:\/\/aaccea-photo.org\/WP3\/wp-content\/uploads\/2013\/01\/feu-de-cheminee-150x150.gif 150w\" sizes=\"(max-width: 220px) 100vw, 220px\" \/><\/a><\/p>\n<h2>Conditions<\/h2>\n<p>Les photos (3 au maximum) devront de pr\u00e9f\u00e9rence \u00eatre envoy\u00e9es par mail \u00e0 R\u00e9gis au plus tard le mercredi 23 janvier soir (sinon vous pouvez toujours apporter vos images sur clef USB le soir m\u00eame).<br \/>\nLa s\u00e9ance d\u2019analyse de Tp avec discussions autour des photos propos\u00e9es aura lieu le jeudi 24 janvier INSTN Salle A8 17h30. Il n\u2019est pas n\u00e9cessaire d\u2019avoir assist\u00e9 au cours pour proposer des images, et vous pouvez assister \u00e0 la s\u00e9ance d\u2019analyse sans avoir propos\u00e9 d\u2019images.<\/p>\n<h2>Les photos du TP<\/h2>\n<p><a href=\"http:\/\/www.aaccea-photo.org\/Galeries\/2013_01_TP\/index.html\" target=\"_blank\">La galerie<\/a><\/p>\n","protected":false},"excerpt":{"rendered":"<p>Objectif Arriver \u00e0 mettre en valeur un th\u00e8me impos\u00e9 sur votre photo en travaillant sur la composition, les r\u00e9glages, l&rsquo;\u00e9clairage et le post traitement. Th\u00e8me Le th\u00e8me du Tp de Janvier est le feu (flamme, feu de chemin\u00e9e, allumette, bougie etc &#8230;.). Conditions Les photos (3 au maximum) devront de pr\u00e9f\u00e9rence \u00eatre envoy\u00e9es par mail&hellip;<\/p>\n","protected":false},"author":4,"featured_media":0,"comment_status":"closed","ping_status":"closed","sticky":false,"template":"","format":"standard","meta":{"footnotes":""},"categories":[19],"tags":[],"_links":{"self":[{"href":"https:\/\/aaccea-photo.org\/WP3\/wp-json\/wp\/v2\/posts\/879"}],"collection":[{"href":"https:\/\/aaccea-photo.org\/WP3\/wp-json\/wp\/v2\/posts"}],"about":[{"href":"https:\/\/aaccea-photo.org\/WP3\/wp-json\/wp\/v2\/types\/post"}],"author":[{"embeddable":true,"href":"https:\/\/aaccea-photo.org\/WP3\/wp-json\/wp\/v2\/users\/4"}],"replies":[{"embeddable":true,"href":"https:\/\/aaccea-photo.org\/WP3\/wp-json\/wp\/v2\/comments?post=879"}],"version-history":[{"count":8,"href":"https:\/\/aaccea-photo.org\/WP3\/wp-json\/wp\/v2\/posts\/879\/revisions"}],"predecessor-version":[{"id":883,"href":"https:\/\/aaccea-photo.org\/WP3\/wp-json\/wp\/v2\/posts\/879\/revisions\/883"}],"wp:attachment":[{"href":"https:\/\/aaccea-photo.org\/WP3\/wp-json\/wp\/v2\/media?parent=879"}],"wp:term":[{"taxonomy":"category","embeddable":true,"href":"https:\/\/aaccea-photo.org\/WP3\/wp-json\/wp\/v2\/categories?post=879"},{"taxonomy":"post_tag","embeddable":true,"href":"https:\/\/aaccea-photo.org\/WP3\/wp-json\/wp\/v2\/tags?post=879"}],"curies":[{"name":"wp","href":"https:\/\/api.w.org\/{rel}","templated":true}]}}