{"id":889,"date":"2013-01-05T13:45:52","date_gmt":"2013-01-05T12:45:52","guid":{"rendered":"http:\/\/aaccea-photo.org\/WP3\/?p=889"},"modified":"2013-05-16T12:36:53","modified_gmt":"2013-05-16T10:36:53","slug":"en-tete_201301","status":"publish","type":"post","link":"https:\/\/aaccea-photo.org\/WP3\/en-tete_201301\/","title":{"rendered":"Les photos de l&rsquo;en-t\u00eate #5"},"content":{"rendered":"<p>R\u00e9guli\u00e8rement, 4 photos seront s\u00e9lectionn\u00e9es afin de cr\u00e9er le bandeau. N\u2019h\u00e9siter <a href=\"mailto:contact@sigridlaroubine.fr?subject=[en-t\u00eate]\">m&rsquo;envoyer<\/a> vos photos au format 1024 x 198 UNIQUEMENT.<\/p>\n<p>Les participants pour le bandeau de Janvier.<\/p>\n\n\t\t<style type=\"text\/css\">\n\t\t\t#gallery-1 {\n\t\t\t\tmargin: auto;\n\t\t\t}\n\t\t\t#gallery-1 .gallery-item {\n\t\t\t\tfloat: left;\n\t\t\t\tmargin-top: 10px;\n\t\t\t\ttext-align: center;\n\t\t\t\twidth: 25%;\n\t\t\t}\n\t\t\t#gallery-1 img {\n\t\t\t\tborder: 2px solid #cfcfcf;\n\t\t\t}\n\t\t\t#gallery-1 .gallery-caption {\n\t\t\t\tmargin-left: 0;\n\t\t\t}\n\t\t\t\/* see gallery_shortcode() in wp-includes\/media.php *\/\n\t\t<\/style>\n\t\t<div id='gallery-1' class='gallery galleryid-889 gallery-columns-4 gallery-size-thumbnail'><dl class='gallery-item'>\n\t\t\t<dt class='gallery-icon landscape'>\n\t\t\t\t<a href='https:\/\/aaccea-photo.org\/WP3\/wp-content\/uploads\/2013\/01\/201301_IMG1.jpg'><img loading=\"lazy\" decoding=\"async\" width=\"150\" height=\"150\" src=\"https:\/\/aaccea-photo.org\/WP3\/wp-content\/uploads\/2013\/01\/201301_IMG1-150x150.jpg\" class=\"attachment-thumbnail size-thumbnail\" alt=\"\" aria-describedby=\"gallery-1-890\" \/><\/a>\n\t\t\t<\/dt>\n\t\t\t\t<dd class='wp-caption-text gallery-caption' id='gallery-1-890'>\n\t\t\t\tPhoto de Antoine Garric\n\t\t\t\t<\/dd><\/dl><dl class='gallery-item'>\n\t\t\t<dt class='gallery-icon landscape'>\n\t\t\t\t<a href='https:\/\/aaccea-photo.org\/WP3\/wp-content\/uploads\/2013\/01\/201301_IMG2.jpg'><img loading=\"lazy\" decoding=\"async\" width=\"150\" height=\"150\" src=\"https:\/\/aaccea-photo.org\/WP3\/wp-content\/uploads\/2013\/01\/201301_IMG2-150x150.jpg\" class=\"attachment-thumbnail size-thumbnail\" alt=\"\" aria-describedby=\"gallery-1-891\" \/><\/a>\n\t\t\t<\/dt>\n\t\t\t\t<dd class='wp-caption-text gallery-caption' id='gallery-1-891'>\n\t\t\t\tPhoto de Yves Piret\n\t\t\t\t<\/dd><\/dl><dl class='gallery-item'>\n\t\t\t<dt class='gallery-icon landscape'>\n\t\t\t\t<a href='https:\/\/aaccea-photo.org\/WP3\/wp-content\/uploads\/2013\/01\/201301_IMG3.jpg'><img loading=\"lazy\" decoding=\"async\" width=\"150\" height=\"150\" src=\"https:\/\/aaccea-photo.org\/WP3\/wp-content\/uploads\/2013\/01\/201301_IMG3-150x150.jpg\" class=\"attachment-thumbnail size-thumbnail\" alt=\"\" aria-describedby=\"gallery-1-892\" \/><\/a>\n\t\t\t<\/dt>\n\t\t\t\t<dd class='wp-caption-text gallery-caption' id='gallery-1-892'>\n\t\t\t\tPhoto de Jacques Page\n\t\t\t\t<\/dd><\/dl><dl class='gallery-item'>\n\t\t\t<dt class='gallery-icon landscape'>\n\t\t\t\t<a href='https:\/\/aaccea-photo.org\/WP3\/wp-content\/uploads\/2013\/01\/201301_IMG4.jpg'><img loading=\"lazy\" decoding=\"async\" width=\"150\" height=\"150\" src=\"https:\/\/aaccea-photo.org\/WP3\/wp-content\/uploads\/2013\/01\/201301_IMG4-150x150.jpg\" class=\"attachment-thumbnail size-thumbnail\" alt=\"\" aria-describedby=\"gallery-1-893\" \/><\/a>\n\t\t\t<\/dt>\n\t\t\t\t<dd class='wp-caption-text gallery-caption' id='gallery-1-893'>\n\t\t\t\tPhoto de R\u00e9gis Courbeyrette\n\t\t\t\t<\/dd><\/dl><br style=\"clear: both\" \/>\n\t\t<\/div>\n\n","protected":false},"excerpt":{"rendered":"<p>R\u00e9guli\u00e8rement, 4 photos seront s\u00e9lectionn\u00e9es afin de cr\u00e9er le bandeau. N\u2019h\u00e9siter m&rsquo;envoyer vos photos au format 1024 x 198 UNIQUEMENT. Les participants pour le bandeau de Janvier.<\/p>\n","protected":false},"author":4,"featured_media":0,"comment_status":"closed","ping_status":"open","sticky":false,"template":"","format":"standard","meta":{"footnotes":""},"categories":[1],"tags":[],"_links":{"self":[{"href":"https:\/\/aaccea-photo.org\/WP3\/wp-json\/wp\/v2\/posts\/889"}],"collection":[{"href":"https:\/\/aaccea-photo.org\/WP3\/wp-json\/wp\/v2\/posts"}],"about":[{"href":"https:\/\/aaccea-photo.org\/WP3\/wp-json\/wp\/v2\/types\/post"}],"author":[{"embeddable":true,"href":"https:\/\/aaccea-photo.org\/WP3\/wp-json\/wp\/v2\/users\/4"}],"replies":[{"embeddable":true,"href":"https:\/\/aaccea-photo.org\/WP3\/wp-json\/wp\/v2\/comments?post=889"}],"version-history":[{"count":12,"href":"https:\/\/aaccea-photo.org\/WP3\/wp-json\/wp\/v2\/posts\/889\/revisions"}],"predecessor-version":[{"id":912,"href":"https:\/\/aaccea-photo.org\/WP3\/wp-json\/wp\/v2\/posts\/889\/revisions\/912"}],"wp:attachment":[{"href":"https:\/\/aaccea-photo.org\/WP3\/wp-json\/wp\/v2\/media?parent=889"}],"wp:term":[{"taxonomy":"category","embeddable":true,"href":"https:\/\/aaccea-photo.org\/WP3\/wp-json\/wp\/v2\/categories?post=889"},{"taxonomy":"post_tag","embeddable":true,"href":"https:\/\/aaccea-photo.org\/WP3\/wp-json\/wp\/v2\/tags?post=889"}],"curies":[{"name":"wp","href":"https:\/\/api.w.org\/{rel}","templated":true}]}}