{"id":923,"date":"2013-01-13T12:27:19","date_gmt":"2013-01-13T11:27:19","guid":{"rendered":"http:\/\/aaccea-photo.org\/WP3\/?p=923"},"modified":"2013-01-14T10:22:12","modified_gmt":"2013-01-14T09:22:12","slug":"news_concours-2013","status":"publish","type":"post","link":"https:\/\/aaccea-photo.org\/WP3\/news_concours-2013\/","title":{"rendered":"concours 2013"},"content":{"rendered":"<p>Bonjour \u00e0 tous,<br \/>\nC\u2019est parti pour le concours 2013. <\/p>\n<h5>Le th\u00e8me cette ann\u00e9e est : \u00ab\u00a0Ciel : Terre des songes\u00a0\u00bb<\/h5>\n<p>Vous avez jusqu&rsquo;au 05 avril minuit pour d\u00e9poser 1 \u00e0 3 photos sur le site du concours.<\/p>\n<p style=\"text-align: center;\"><a href=\"http:\/\/www.aaccea-photo.org\/concours\/2013\/affiche-concours.pdf\"><img loading=\"lazy\" decoding=\"async\" class=\"aligncenter\" alt=\"\" src=\"http:\/\/www.aaccea-photo.org\/concours\/2013\/affiche-concours.jpg\" width=\"140\" height=\"198\" \/><\/a><\/p>\n<p>Toutes les informations relative au concours seront affich\u00e9 sur <a href=\"http:\/\/aaccea-photo.org\/WP3\/concours\/\" target=\"_blank\">la page du concours<\/a><\/p>\n","protected":false},"excerpt":{"rendered":"<p>Bonjour \u00e0 tous, C\u2019est parti pour le concours 2013. Le th\u00e8me cette ann\u00e9e est : \u00ab\u00a0Ciel : Terre des songes\u00a0\u00bb Vous avez jusqu&rsquo;au 05 avril minuit pour d\u00e9poser 1 \u00e0 3 photos sur le site du concours. Toutes les informations relative au concours seront affich\u00e9 sur la page du concours<\/p>\n","protected":false},"author":4,"featured_media":0,"comment_status":"open","ping_status":"open","sticky":false,"template":"","format":"standard","meta":{"footnotes":""},"categories":[1],"tags":[],"_links":{"self":[{"href":"https:\/\/aaccea-photo.org\/WP3\/wp-json\/wp\/v2\/posts\/923"}],"collection":[{"href":"https:\/\/aaccea-photo.org\/WP3\/wp-json\/wp\/v2\/posts"}],"about":[{"href":"https:\/\/aaccea-photo.org\/WP3\/wp-json\/wp\/v2\/types\/post"}],"author":[{"embeddable":true,"href":"https:\/\/aaccea-photo.org\/WP3\/wp-json\/wp\/v2\/users\/4"}],"replies":[{"embeddable":true,"href":"https:\/\/aaccea-photo.org\/WP3\/wp-json\/wp\/v2\/comments?post=923"}],"version-history":[{"count":5,"href":"https:\/\/aaccea-photo.org\/WP3\/wp-json\/wp\/v2\/posts\/923\/revisions"}],"predecessor-version":[{"id":928,"href":"https:\/\/aaccea-photo.org\/WP3\/wp-json\/wp\/v2\/posts\/923\/revisions\/928"}],"wp:attachment":[{"href":"https:\/\/aaccea-photo.org\/WP3\/wp-json\/wp\/v2\/media?parent=923"}],"wp:term":[{"taxonomy":"category","embeddable":true,"href":"https:\/\/aaccea-photo.org\/WP3\/wp-json\/wp\/v2\/categories?post=923"},{"taxonomy":"post_tag","embeddable":true,"href":"https:\/\/aaccea-photo.org\/WP3\/wp-json\/wp\/v2\/tags?post=923"}],"curies":[{"name":"wp","href":"https:\/\/api.w.org\/{rel}","templated":true}]}}