{"id":946,"date":"2013-01-28T10:01:14","date_gmt":"2013-01-28T09:01:14","guid":{"rendered":"http:\/\/aaccea-photo.org\/WP3\/?p=946"},"modified":"2013-01-28T10:02:20","modified_gmt":"2013-01-28T09:02:20","slug":"reportage-trail_bonnelles","status":"publish","type":"post","link":"https:\/\/aaccea-photo.org\/WP3\/reportage-trail_bonnelles\/","title":{"rendered":"[Reportage] Trail de l&rsquo;Orangerie de Bonnelles"},"content":{"rendered":"<h2>Le reportage<\/h2>\n<p>La mairie de Bonnelles organise le 14 avril 2013 le TRAIL de l\u2019Orangerie de Bonnelles et fait appel aux photographes de la section AAC-CEA photo pour couvrir la manifestation.<br \/>\nLes paysages sont superbes et vari\u00e9. Il y a 2 parcours propos\u00e9s 16 km et 36 km et permettent de travers\u00e9s la for\u00eat de Rambouillet de Bonnelles \u00e0 Clairefontaine en passant par Bullion, la Celle les Bordes.<br \/>\nLe point le plus \u00e9loign\u00e9 du d\u00e9part est \u00e0 12km et le 16 km est commun \u00e0 90% avec le 36 km.<\/p>\n<p><a href=\"http:\/\/aaccea-photo.org\/WP3\/wp-content\/uploads\/2013\/01\/Affiche_trail_bonnelles.pdf\" target=\"_blank\"><img loading=\"lazy\" decoding=\"async\" src=\"http:\/\/aaccea-photo.org\/WP3\/wp-content\/uploads\/2013\/01\/Affiche_trail_bonnelles-150x150.jpg\" alt=\"Affiche_trail_bonnelles\" width=\"150\" height=\"150\" class=\"aligncenter size-thumbnail wp-image-950\" \/><\/a><\/p>\n<p>Depuis l&rsquo;ouverture des inscriptions en ce d\u00e9but d\u2019ann\u00e9e, le nombre de coureurs devrait atteindre les 500.<br \/>\nLe bulletin est t\u00e9l\u00e9chargeable sur le site et toutes les infos utiles sont \u00e9galement en ligne.<br \/>\n<a href=\"http:\/\/trailsdelorangerie.unblog.fr\/\" target=\"_blank\">http:\/\/trailsdelorangerie.unblog.fr<\/a><\/p>\n<h2>Contact<\/h2>\n<p>Merci de contacter <a href=\"mailto:contact@sigridlaroubine.fr?subject=[Trail_Bonnelles]\" target=\"_blank\">Sigrid LAROUBINE<\/a> pour l&rsquo;inscription au reportage.<\/p>\n","protected":false},"excerpt":{"rendered":"<p>Le reportage La mairie de Bonnelles organise le 14 avril 2013 le TRAIL de l\u2019Orangerie de Bonnelles et fait appel aux photographes de la section AAC-CEA photo pour couvrir la manifestation. Les paysages sont superbes et vari\u00e9. Il y a 2 parcours propos\u00e9s 16 km et 36 km et permettent de travers\u00e9s la for\u00eat de&hellip;<\/p>\n","protected":false},"author":4,"featured_media":0,"comment_status":"closed","ping_status":"closed","sticky":false,"template":"","format":"standard","meta":{"footnotes":""},"categories":[9],"tags":[],"_links":{"self":[{"href":"https:\/\/aaccea-photo.org\/WP3\/wp-json\/wp\/v2\/posts\/946"}],"collection":[{"href":"https:\/\/aaccea-photo.org\/WP3\/wp-json\/wp\/v2\/posts"}],"about":[{"href":"https:\/\/aaccea-photo.org\/WP3\/wp-json\/wp\/v2\/types\/post"}],"author":[{"embeddable":true,"href":"https:\/\/aaccea-photo.org\/WP3\/wp-json\/wp\/v2\/users\/4"}],"replies":[{"embeddable":true,"href":"https:\/\/aaccea-photo.org\/WP3\/wp-json\/wp\/v2\/comments?post=946"}],"version-history":[{"count":6,"href":"https:\/\/aaccea-photo.org\/WP3\/wp-json\/wp\/v2\/posts\/946\/revisions"}],"predecessor-version":[{"id":957,"href":"https:\/\/aaccea-photo.org\/WP3\/wp-json\/wp\/v2\/posts\/946\/revisions\/957"}],"wp:attachment":[{"href":"https:\/\/aaccea-photo.org\/WP3\/wp-json\/wp\/v2\/media?parent=946"}],"wp:term":[{"taxonomy":"category","embeddable":true,"href":"https:\/\/aaccea-photo.org\/WP3\/wp-json\/wp\/v2\/categories?post=946"},{"taxonomy":"post_tag","embeddable":true,"href":"https:\/\/aaccea-photo.org\/WP3\/wp-json\/wp\/v2\/tags?post=946"}],"curies":[{"name":"wp","href":"https:\/\/api.w.org\/{rel}","templated":true}]}}