{"id":966,"date":"2013-02-01T01:00:08","date_gmt":"2013-02-01T00:00:08","guid":{"rendered":"http:\/\/aaccea-photo.org\/WP3\/?p=966"},"modified":"2013-05-16T12:46:20","modified_gmt":"2013-05-16T10:46:20","slug":"tp_20130","status":"publish","type":"post","link":"https:\/\/aaccea-photo.org\/WP3\/tp_20130\/","title":{"rendered":"[TP] TP du mois de F\u00e9vrier"},"content":{"rendered":"<h2>Th\u00e8me<\/h2>\n<p>Le th\u00e8me du Tp de F\u00e9vrier est la glace (pas le miroir l&rsquo;eau glac\u00e9&#8230;)<br \/>\n<img loading=\"lazy\" decoding=\"async\" class=\"aligncenter size-thumbnail wp-image-967\" alt=\"TP_glace\" src=\"http:\/\/aaccea-photo.org\/WP3\/wp-content\/uploads\/2013\/01\/TP_glace-150x150.jpg\" width=\"150\" height=\"150\" \/><\/p>\n<h2>Conditions<\/h2>\n<p>Les photos (3 au maximum) devront de pr\u00e9f\u00e9rence \u00eatre envoy\u00e9es par mail \u00e0 R\u00e9gis au plus tard le mercredi 20 f\u00e9vrier soir (sinon vous pouvez toujours apporter vos images sur clef USB le soir m\u00eame).<br \/>\nLa s\u00e9ance d\u2019analyse de Tp avec discussions autour des photos propos\u00e9es aura lieu jeudi 21 f\u00e9vrier. INSTN Salle A8 17h30. Il n\u2019est pas n\u00e9cessaire d\u2019avoir assist\u00e9 au cours pour proposer des images, et vous pouvez assister \u00e0 la s\u00e9ance d\u2019analyse sans avoir propos\u00e9 d\u2019images.<\/p>\n<h2>Les photos du TP<\/h2>\n<p><a href=\"http:\/\/www.aaccea-photo.org\/Galeries\/2013_02_TP\/index.html\" target=\"_blank\">Voir la galerie<\/a><\/p>\n","protected":false},"excerpt":{"rendered":"<p>Th\u00e8me Le th\u00e8me du Tp de F\u00e9vrier est la glace (pas le miroir l&rsquo;eau glac\u00e9&#8230;) Conditions Les photos (3 au maximum) devront de pr\u00e9f\u00e9rence \u00eatre envoy\u00e9es par mail \u00e0 R\u00e9gis au plus tard le mercredi 20 f\u00e9vrier soir (sinon vous pouvez toujours apporter vos images sur clef USB le soir m\u00eame). La s\u00e9ance d\u2019analyse de&hellip;<\/p>\n","protected":false},"author":4,"featured_media":0,"comment_status":"closed","ping_status":"closed","sticky":false,"template":"","format":"standard","meta":{"footnotes":""},"categories":[19],"tags":[],"_links":{"self":[{"href":"https:\/\/aaccea-photo.org\/WP3\/wp-json\/wp\/v2\/posts\/966"}],"collection":[{"href":"https:\/\/aaccea-photo.org\/WP3\/wp-json\/wp\/v2\/posts"}],"about":[{"href":"https:\/\/aaccea-photo.org\/WP3\/wp-json\/wp\/v2\/types\/post"}],"author":[{"embeddable":true,"href":"https:\/\/aaccea-photo.org\/WP3\/wp-json\/wp\/v2\/users\/4"}],"replies":[{"embeddable":true,"href":"https:\/\/aaccea-photo.org\/WP3\/wp-json\/wp\/v2\/comments?post=966"}],"version-history":[{"count":7,"href":"https:\/\/aaccea-photo.org\/WP3\/wp-json\/wp\/v2\/posts\/966\/revisions"}],"predecessor-version":[{"id":1116,"href":"https:\/\/aaccea-photo.org\/WP3\/wp-json\/wp\/v2\/posts\/966\/revisions\/1116"}],"wp:attachment":[{"href":"https:\/\/aaccea-photo.org\/WP3\/wp-json\/wp\/v2\/media?parent=966"}],"wp:term":[{"taxonomy":"category","embeddable":true,"href":"https:\/\/aaccea-photo.org\/WP3\/wp-json\/wp\/v2\/categories?post=966"},{"taxonomy":"post_tag","embeddable":true,"href":"https:\/\/aaccea-photo.org\/WP3\/wp-json\/wp\/v2\/tags?post=966"}],"curies":[{"name":"wp","href":"https:\/\/api.w.org\/{rel}","templated":true}]}}